{"id":2951,"date":"2023-10-02T19:52:35","date_gmt":"2023-10-02T17:52:35","guid":{"rendered":"https:\/\/www.lesvoilesdesaint-tropez.fr\/?p=2951"},"modified":"2023-10-02T21:03:20","modified_gmt":"2023-10-02T19:03:20","slug":"une-ode-a-la-regate-pure","status":"publish","type":"post","link":"https:\/\/www.lesvoilesdesaint-tropez.fr\/fr\/une-ode-a-la-regate-pure","title":{"rendered":"Une ode \u00e0 la r\u00e9gate pure"},"content":{"rendered":"\n<p>&#8211;&nbsp;<strong>123 Modernes \u00e0 l\u2019assaut du Golfe&nbsp;!<\/strong><br>&#8211;&nbsp;<strong>Lyra et Wallyno confirment<\/strong><br>&#8211;&nbsp;<strong>Ils sont l\u00e0&nbsp;: 86 yachts classiques entrent demain dans l\u2019ar\u00e8ne&nbsp;!<\/strong><\/p>\n\n\n\n<p><strong>Les Voiles de Saint-Tropez poursuivent leur mont\u00e9e en puissance en ce d\u00e9but de semaine. Aux 40 Maxi-Yachts entr\u00e9s hier dans l&rsquo;ar\u00e8ne des courses, s&rsquo;ajoutait aujourd&rsquo;hui la flotte des voiliers Modernes. 123 rapides \u00ab&nbsp;cruisers&nbsp;\u00bb, d\u00fbment r\u00e9partis en quatre groupe IRC, vont clore \u00e0 Saint-Tropez leur saison de r\u00e9gates. Autant dire que l&rsquo;envie de briller \u00e9tait forte peu apr\u00e8s 13 heures quand la direction de course lan\u00e7ait sans coup f\u00e9rir ces r\u00e9gatiers passionn\u00e9s et \u00e9clair\u00e9s, sur un parcours tortueux \u00e0 souhait d&rsquo;une quinzaine de milles en bordure du golfe. L&rsquo;heure \u00e9tait alors \u00e0 la r\u00e9gate pure, \u00e0 la comp\u00e9tition exacerb\u00e9e. Les Modernes, taill\u00e9s et \u00e9quip\u00e9s pour la course, envoient d\u00e9sormais leurs voiles, comme le font les grands Maxi Yachts, maintenant&nbsp;&nbsp;au large de Pampelonne sur une zone de d\u00e9part et d&rsquo;arriv\u00e9e d\u00e9di\u00e9e.<\/strong><\/p>\n\n\n\n<p><strong>Ambiance au bateau comit\u00e9<\/strong><br>Dans un l\u00e9ger flux de Sud Sud Est, tournant l\u00e9g\u00e8rement au Sud Sud Ouest apr\u00e8s la zone de d\u00e9part et allant forcissant, les quatre groupes IRC B, C, D et E ont chacun connu leur lot de tension et d&rsquo;adr\u00e9naline durant les phases de d\u00e9part. L&rsquo;urgence \u00e9tait \u00e0 l&rsquo;\u00e9vidence de vite trouver du vent frais, bien&nbsp;&nbsp;d\u00e9gag\u00e9 de la flotte, pour remonter au vent en direction de La Rabiou. Les places se pay\u00e8rent ch\u00e8rement, souvent au culot, pour glisser au ras du bateau comit\u00e9. Jean Pierre Dick et son plan Verdier JP54&nbsp;<em>Notre M\u00e9diterran\u00e9e<\/em>&nbsp;ont vite trouv\u00e9 la bonne carburation sur ce plan d&rsquo;eau parfaitement plat. Ils s&rsquo;imposent en t\u00eate des IRC B en temps r\u00e9el au terme de moins de deux heures de course. Insuffisant pourtant pour effacer leur rating. P\u00e9nalis\u00e9 aux allures proches du vent, Jean Pierre plonge en milieu d&rsquo;un classement que domine ce soir Sergio Sagramoso et son&nbsp;<em>Lazy Dog<\/em>.<br>Le Mylius 50&nbsp;<em>Daguet 3<\/em>&nbsp;aime le plan d&rsquo;eau Trop\u00e9zien. Il domine son tr\u00e8s comp\u00e9titif groupe des IRC C (Troph\u00e9e BMW) en temps r\u00e9el, et prend la 3\u00e8me place en temps compens\u00e9, derri\u00e8re Adrien Follin et son&nbsp;<em>Give me Five<\/em>&nbsp;et l&rsquo;italien Achille Onorato sur&nbsp;<em>Mascalzone Latino<\/em>.<\/p>\n\n\n\n<p><strong>Galateia en puissance, Lyra confirme<\/strong><br>Brillant \u00e0 Porto Cervo, le Wally Cento\u00a0<em>Galateia<\/em>\u00a0s&rsquo;est impos\u00e9 aujourd&rsquo;hui en temps r\u00e9el, au terme d&rsquo;un furieux combat de plus de deux heures dans les airs capricieux de Cavalaire. L&rsquo;autre Wally Cento Magic\u00a0<em>Carpet 3<\/em>\u00a0lui a donn\u00e9 du fil \u00e0 retordre, terminant \u00e0 moins de 2 minutes de son tableau arri\u00e8re. C&rsquo;est pourtant Peter Dubens et son l\u00e9ger\u00a0<em>North Star<\/em>\u00a0qui s&rsquo;octroient la victoire en temps compens\u00e9,\u00a0\u00a0devant le Wally 93\u00a0<em>Bullitt.<\/em><br>Vainqueur hier, le Wally 77\u00a0<em>Lyra<\/em>\u00a0s&rsquo;impose de nouveau, tant en temps r\u00e9el qu&rsquo;en temps compens\u00e9. Son plus rude adversaire du jour fut le Marten 72\u00a0<em>Aragon<\/em>, qui termine \u00e0 moins d&rsquo;une minute d&rsquo;une r\u00e9gate \u00e0 couteaux tir\u00e9s. Scenario similaire en Maxi C, de nouveau domin\u00e9 par\u00a0<em>Wallyno<\/em>\u00a0de Benoit de Froidmont, qui a su r\u00e9sister aux assauts de Lady First 3 et du Swan 80\u00a0<em>Umiko<\/em>.<br>Comme se plait \u00e0 le souligner Benoit de Froidmont, Pr\u00e9sident de l&rsquo;International Maxi Association, la flotte des Maxis Yachts vit bien et cro\u00eet en beaut\u00e9. 2023 a ainsi vu na\u00eetre plusieurs unit\u00e9s pr\u00e9sentes aux Voiles, comme le Wally 101\u00a0<em>Y3K<\/em>, le Caf\u00e9 racer\u00a0<em>Open Season<\/em>,\u00a0<em>Bianca<\/em>, un Grand Soleil 72 sign\u00e9 Matteo Polli, et le Mylius 66 Allemand\u00a0<em>Schorch<\/em>.<\/p>\n\n\n\n<p><strong>Demain, les Classiques!<\/strong><br>On les attend comme on attend un vieil ami ! Les yachts Classiques touchent le coeur des passionn\u00e9s comme des n\u00e9ophyte du yachting. 86 voiliers, miroir de l\u2019\u00e2ge d\u2019or du nautisme, dont grand nombre de centenaires, gr\u00e9\u00e9s en sloops, cotres, yawl ou go\u00e9lettes, dot\u00e9s de voiles auriques ou bermudiennes, du petit Dainty et ses 8, 20 m \u00e0 l\u2019immense go\u00e9lette Elena et ses 55 m\u00e8tres hors tout, vont \u00e0 partir de demain illuminer le golfe de l\u2019\u00e9clat de leurs coques et de leurs voiles.<\/p>\n\n\n\n<p><em><strong>Partenaires du jour : BMW<\/strong><br>Depuis 14 ans, BMW est Partenaire Officiel des Voiles de Saint-Tropez.&nbsp; BMW continue son engagement dans le domaine du nautisme. Le motoriste Bavarois accueille toute la semaine partenaires et clients sur son stand VIP dans le village des Voiles, situ\u00e9 sur le M\u00f4le Jean R\u00e9veille, avec une vue imprenable sur le port de Saint-Tropez et la zone de r\u00e9gate dans le golfe. Pas moins de 7 v\u00e9hicules sont disponibles aux essais, et trois nouveaux mod\u00e8les tout \u00e9lectrique sont en d\u00e9monstration du c\u00f4t\u00e9 de la Capitainerie de Saint-Tropez, ainsi qu\u2019un scooter tout \u00e9lectrique. BMW assure aussi les transfers vers gares ou a\u00e9roports d\u2019invit\u00e9s des Voiles, journalistes et VIPs, avec 10 v\u00e9hicules de ses gammes les plus r\u00e9centes.<\/em><\/p>\n\n\n\n<p><strong>Programme 2023&nbsp;<\/strong><em>(tous les r\u00e9sultats et les infos de la course en ligne sur le site des Voiles)<\/em><em><\/em><br><strong>Mardi 3&nbsp;octobre<\/strong>&nbsp;: r\u00e9gates pour toutes les flottes<br><strong>Mercredi 4 octobre<\/strong>&nbsp;: r\u00e9gates pour les voiliers Modernes et les voiliers Classiques, Day Off pour les Maxis et Club 55 Maxi Cup<br><strong>Jeudi 5&nbsp;octobre<\/strong>&nbsp;: journ\u00e9e des D\u00e9fis et Club 55 Cup pour les voiliers Modernes et les voiliers Classiques, r\u00e9gates pour les Maxis<br><strong>Vendredi 6 octobre<\/strong>&nbsp;: r\u00e9gates pour toutes les flottes,&nbsp;Remise des Prix pour les Maxis<br><strong>Samedi 7 octobre<\/strong>&nbsp;: r\u00e9gates pour les voiliers Modernes et les voiliers Classiques,<br><strong>Dimanche 8&nbsp;octobre<\/strong>&nbsp;: Remise des Prix pour les voiliers Modernes et les voiliers Classiques<\/p>\n\n\n\n<p class=\"has-sky-500-color has-text-color has-sm-font-size\"><strong>Partenaires des Voiles de Saint-Tropez<\/strong><br>ROLEX<br>BMW<br>NORTH SAILS<br>WALLY<br>SUZUKI MARINE<br>HIGHFIELD<br>MERCANTOUR<br>BYBLOS<br>GALERIE BARTOUX<br>ESPRIT VILLAGE A SAINT-TROPEZ<br>PEPINIERE DU GOLFE<\/p>\n\n\n\n<p class=\"has-sky-500-color has-text-color has-sm-font-size\"><strong>Fournisseurs Officiels des Voiles de Saint-Tropez<\/strong><br>CHAMPAGNE BARONS DE ROTHSCHILD<br>CHATEAU SAINT-MAUR<br>DOMAINE BERTAUD BELIEU<br><br>VILLE DE SAINT-TROPEZ<br>PORT DE SAINT-TROPEZ<br>LES MARINES DE COGOLIN<br>FEDERATION FRANCAISE DE VOILE<br>YACHT CLUB DE FRANCE&nbsp;&nbsp;&nbsp;&nbsp;&nbsp;&nbsp;&nbsp;&nbsp;&nbsp;&nbsp;<br>INTERNATIONAL MAXI ASSOCIATION<\/p>\n\n\n\n<p><strong>Organisation :<\/strong><br><strong>Soci\u00e9t\u00e9 Nautique de Saint-Tropez<\/strong><br>Pr\u00e9sident : Pierre Roinson<br>Principal Race Officer&nbsp;: Georges Korhel<br>Responsable R\u00e9gates : Fr\u00e9d\u00e9rique Fantino<br>Moyens sur l\u2019eau&nbsp;: Gilles Doyen<br>Communication et Attach\u00e9e de Direction : Chlo\u00e9 de Brouwer<br>R\u00e9daction&nbsp;: Denis van den Brink<br>Sites internet :&nbsp;<a href=\"http:\/\/www.lesvoilesdesaint-tropez.fr\/\" target=\"_blank\" rel=\"noreferrer noopener\">www.lesvoilesdesaint-tropez.fr<\/a>&nbsp;;&nbsp;<a href=\"http:\/\/www.societe-nautique-saint-tropez.fr\/\" target=\"_blank\" rel=\"noreferrer noopener\">www.societe-nautique-saint-tropez.fr<\/a><br>Facebook&nbsp;: les Voiles de Saint-Tropez Officiel<br>X anciennement Twitter&nbsp;:&nbsp;@VoilesSTOrg<br>Instagram&nbsp;: les_voiles_de_saint_tropez<\/p>\n\n\n\n<p><a><strong><em>&nbsp;<\/em><\/strong><\/a><br><strong>Photo<\/strong><br>SNST\/Gilles Martin-Raget<br><strong>Vid\u00e9o<\/strong><br>SNST\/Guilain Grenier, 6G<\/p>\n\n\n\n<p><strong>Relations Presse&nbsp;<\/strong>:<br>Maguelonne Turcat&nbsp;<br>E-mail&nbsp;<a rel=\"noreferrer noopener\" href=\"mailto:magturcat@gmail.com\" target=\"_blank\">magturcat@gmail.com<\/a><\/p>\n\n\n\n<figure class=\"wp-block-image aligncenter size-large\"><img loading=\"lazy\" decoding=\"async\" width=\"1024\" height=\"683\" data-tippy-content=\"GMR_VST23D2_2125_1\" src=\"https:\/\/www.lesvoilesdesaint-tropez.fr\/wp-content\/uploads\/2023\/10\/GMR_VST23D2_2125_1-1024x683.jpg\" alt=\"\" class=\"wp-image-2952\" srcset=\"https:\/\/www.lesvoilesdesaint-tropez.fr\/wp-content\/uploads\/2023\/10\/GMR_VST23D2_2125_1-1024x683.jpg 1024w, https:\/\/www.lesvoilesdesaint-tropez.fr\/wp-content\/uploads\/2023\/10\/GMR_VST23D2_2125_1-300x200.jpg 300w, https:\/\/www.lesvoilesdesaint-tropez.fr\/wp-content\/uploads\/2023\/10\/GMR_VST23D2_2125_1-768x512.jpg 768w, https:\/\/www.lesvoilesdesaint-tropez.fr\/wp-content\/uploads\/2023\/10\/GMR_VST23D2_2125_1-1536x1024.jpg 1536w, https:\/\/www.lesvoilesdesaint-tropez.fr\/wp-content\/uploads\/2023\/10\/GMR_VST23D2_2125_1-2048x1366.jpg 2048w\" sizes=\"auto, (max-width: 1024px) 100vw, 1024px\" \/><\/figure>\n\n\n\n<figure class=\"wp-block-image aligncenter size-large\"><img loading=\"lazy\" decoding=\"async\" width=\"1024\" height=\"683\" data-tippy-content=\"GMR_VST23D2_1846\" src=\"https:\/\/www.lesvoilesdesaint-tropez.fr\/wp-content\/uploads\/2023\/10\/GMR_VST23D2_1846-1024x683.jpg\" alt=\"\" class=\"wp-image-2954\" srcset=\"https:\/\/www.lesvoilesdesaint-tropez.fr\/wp-content\/uploads\/2023\/10\/GMR_VST23D2_1846-1024x683.jpg 1024w, https:\/\/www.lesvoilesdesaint-tropez.fr\/wp-content\/uploads\/2023\/10\/GMR_VST23D2_1846-300x200.jpg 300w, https:\/\/www.lesvoilesdesaint-tropez.fr\/wp-content\/uploads\/2023\/10\/GMR_VST23D2_1846-768x512.jpg 768w, https:\/\/www.lesvoilesdesaint-tropez.fr\/wp-content\/uploads\/2023\/10\/GMR_VST23D2_1846-1536x1024.jpg 1536w, https:\/\/www.lesvoilesdesaint-tropez.fr\/wp-content\/uploads\/2023\/10\/GMR_VST23D2_1846-2048x1366.jpg 2048w\" sizes=\"auto, (max-width: 1024px) 100vw, 1024px\" \/><\/figure>\n","protected":false},"excerpt":{"rendered":"<p>&#8211;&nbsp;123 Modernes \u00e0 l\u2019assaut du Golfe&nbsp;!&#8211;&nbsp;Lyra et Wallyno confirment&#8211;&nbsp;Ils sont l\u00e0&nbsp;: 86 yachts classiques entrent demain dans l\u2019ar\u00e8ne&nbsp;! Les Voiles de Saint-Tropez poursuivent leur mont\u00e9e en puissance en ce d\u00e9but de semaine. Aux 40 Maxi-Yachts entr\u00e9s hier dans l&rsquo;ar\u00e8ne des courses, s&rsquo;ajoutait aujourd&rsquo;hui la flotte des voiliers Modernes. 123 rapides \u00ab&nbsp;cruisers&nbsp;\u00bb, d\u00fbment r\u00e9partis en quatre&#8230;<\/p>\n","protected":false},"author":2,"featured_media":2952,"comment_status":"open","ping_status":"open","sticky":false,"template":"","format":"standard","meta":{"_acf_changed":false,"footnotes":""},"categories":[1],"tags":[],"class_list":["post-2951","post","type-post","status-publish","format-standard","has-post-thumbnail","hentry","category-non-classifiee"],"acf":{"subtitle":"","autoplay":false,"delay":"","video_mp4":false,"video_webm":false,"poster_image":false,"nugget":false,"partner":false,"supplier":false,"tab":false},"_links":{"self":[{"href":"https:\/\/www.lesvoilesdesaint-tropez.fr\/fr\/wp-json\/wp\/v2\/posts\/2951","targetHints":{"allow":["GET"]}}],"collection":[{"href":"https:\/\/www.lesvoilesdesaint-tropez.fr\/fr\/wp-json\/wp\/v2\/posts"}],"about":[{"href":"https:\/\/www.lesvoilesdesaint-tropez.fr\/fr\/wp-json\/wp\/v2\/types\/post"}],"author":[{"embeddable":true,"href":"https:\/\/www.lesvoilesdesaint-tropez.fr\/fr\/wp-json\/wp\/v2\/users\/2"}],"replies":[{"embeddable":true,"href":"https:\/\/www.lesvoilesdesaint-tropez.fr\/fr\/wp-json\/wp\/v2\/comments?post=2951"}],"version-history":[{"count":3,"href":"https:\/\/www.lesvoilesdesaint-tropez.fr\/fr\/wp-json\/wp\/v2\/posts\/2951\/revisions"}],"predecessor-version":[{"id":2959,"href":"https:\/\/www.lesvoilesdesaint-tropez.fr\/fr\/wp-json\/wp\/v2\/posts\/2951\/revisions\/2959"}],"wp:featuredmedia":[{"embeddable":true,"href":"https:\/\/www.lesvoilesdesaint-tropez.fr\/fr\/wp-json\/wp\/v2\/media\/2952"}],"wp:attachment":[{"href":"https:\/\/www.lesvoilesdesaint-tropez.fr\/fr\/wp-json\/wp\/v2\/media?parent=2951"}],"wp:term":[{"taxonomy":"category","embeddable":true,"href":"https:\/\/www.lesvoilesdesaint-tropez.fr\/fr\/wp-json\/wp\/v2\/categories?post=2951"},{"taxonomy":"post_tag","embeddable":true,"href":"https:\/\/www.lesvoilesdesaint-tropez.fr\/fr\/wp-json\/wp\/v2\/tags?post=2951"}],"curies":[{"name":"wp","href":"https:\/\/api.w.org\/{rel}","templated":true}]}}